[{"@context":"https:\/\/schema.org\/","@type":"Article","@id":"https:\/\/www.balchem.cz\/bile-zuby\/#Article","mainEntityOfPage":"https:\/\/www.balchem.cz\/bile-zuby\/","headline":"B\u00edl\u00e9 zuby","name":"B\u00edl\u00e9 zuby","description":"V\u017edycky jsem si p\u0159\u00e1la m\u00edt opravdu p\u011bkn\u00e9 zuby. Ale bohu\u017eel jak v\u0161ichni v\u00edme, tak ne v\u017edycky se \u010dlov\u011bku n\u011bco spln\u00ed, co by si nejv\u00edce p\u0159\u00e1l. J\u00e1 jsem v\u017edycky m\u011bla takov\u00e9 p\u0159\u00e1n\u00ed, bych byla hlavn\u011b zdrav\u00e1. A ch\u00e1pu, \u017ee mnoho lid\u00ed si \u0159\u00edk\u00e1, \u017ee kdy\u017e \u010dlov\u011bk chce b\u00fdt zdrav\u00fd, \u017ee proto m\u00e1 tak\u00e9 n\u011bco ud\u011blat. J\u00e1 [&hellip;]","datePublished":"2023-02-15","dateModified":"2023-12-20","author":{"@type":"Person","@id":"https:\/\/www.balchem.cz\/author\/#Person","name":"","url":"https:\/\/www.balchem.cz\/author\/","identifier":1,"image":{"@type":"ImageObject","@id":"https:\/\/secure.gravatar.com\/avatar\/8ee00db67df6a380981db2e33f97d2fa79637c4880a83f2a0ac4c29b5bb179e1?s=96&d=mm&r=g","url":"https:\/\/secure.gravatar.com\/avatar\/8ee00db67df6a380981db2e33f97d2fa79637c4880a83f2a0ac4c29b5bb179e1?s=96&d=mm&r=g","height":96,"width":96}},"publisher":{"@type":"Organization","name":"balchem.cz","logo":{"@type":"ImageObject","@id":"\/logo.png","url":"\/logo.png","width":600,"height":60}},"image":{"@type":"ImageObject","@id":"https:\/\/www.balchem.cz\/wp-content\/uploads\/children-3471587_960_720_2.jpg","url":"https:\/\/www.balchem.cz\/wp-content\/uploads\/children-3471587_960_720_2.jpg","height":0,"width":0},"url":"https:\/\/www.balchem.cz\/bile-zuby\/","about":["Podnik\u00e1n\u00ed"],"wordCount":417,"articleBody":"         V\u017edycky jsem si p\u0159\u00e1la m\u00edt opravdu p\u011bkn\u00e9 zuby. Ale bohu\u017eel jak v\u0161ichni v\u00edme, tak ne v\u017edycky se \u010dlov\u011bku n\u011bco spln\u00ed, co by si nejv\u00edce p\u0159\u00e1l. J\u00e1 jsem v\u017edycky m\u011bla takov\u00e9 p\u0159\u00e1n\u00ed, bych byla hlavn\u011b zdrav\u00e1. A ch\u00e1pu, \u017ee mnoho lid\u00ed si \u0159\u00edk\u00e1, \u017ee kdy\u017e \u010dlov\u011bk chce b\u00fdt zdrav\u00fd, \u017ee proto m\u00e1 tak\u00e9 n\u011bco ud\u011blat. J\u00e1 samoz\u0159ejm\u011b s t\u00edm souhlas\u00edm, proto\u017ee je to pravda. Pokud chce \u010dlov\u011bk opravdu n\u011b\u010deho dos\u00e1hnout, a to opravdu za kr\u00e1tkou dobu, tak se samoz\u0159ejm\u011b o to mus\u00ed sna\u017eit. J\u00e1 jsem d\u0159\u00edve cht\u011bla b\u00fdt zuba\u0159ka. Jenom\u017ee jsem se dozv\u011bd\u011bla, \u017ee u\u010divo je opravdu hodn\u011b slo\u017eit\u00e9. A \u017ee bych p\u0159edt\u00edm musela m\u00edt Gymn\u00e1zium.J\u00e1 jsem sice maturitn\u00ed vysv\u011bd\u010den\u00ed m\u011bla, ale bylo to z ekonomie. A \u0159\u00edkala jsem si, \u017ee ne\u017e abych d\u011blala znova maturitu, \u017ee rad\u011bji p\u016fjdu pracovat. Pracovala jsem jako pokladn\u00ed ve velkoobchod\u011b. Pr\u00e1ce mi opravdu hodn\u011b bavila a j\u00e1 jsem si \u0159ekla, \u017ee kdy\u017e si u\u017e kone\u010dn\u011b vyd\u011bl\u00e1v\u00e1m pen\u00edze, \u017ee bych si taky u\u017e mohla kone\u010dn\u011b nechat opravit zuby. I kdy\u017e jsem se o sv\u00e9 zuby velice hodn\u011b a pe\u010dliv\u011b starala, tak nebyly dokonal\u00e9. Byly k\u0159iv\u00e9. A nel\u00edbilo se mi tak\u00e9 zabarven\u00ed od k\u00e1vy a od v\u00edna. Proto jsem se rozhodla, \u017ee si d\u00e1m zubn\u00ed fazety. Sice v\u00edm, \u017ee hlavn\u011b zubn\u00ed pra\u017esk\u00e9 fazety jsou drah\u00e9, ale zase kdy\u017e jsem se dozv\u011bd\u011bla, \u017ee jsou velice kvalitn\u00ed, tak\u017ee jsem nebyla v\u016fbec proti. J\u00e1 sama j\u00e1 jsem takov\u00fd typ \u010dlov\u011bka, kter\u00fd si rad\u011bji p\u0159iplat\u00ed velk\u00e9 pen\u00edze, aby m\u011bl stoprocentn\u00ed jistotu, \u017ee to bude kvalita. A zubn\u00ed fazety z Prahy jsou opravdu perfektn\u00ed, proto\u017ee zn\u00e1m u\u017e opravdu mnoho lid\u00ed, kte\u0159\u00ed tyto zubn\u00ed fazety z Prahy maj\u00ed a \u0159\u00edkali mi, \u017ee jsou spokojen\u00ed a \u017ee by v\u016fbec u\u017e nic nem\u011bnili. Zkuste si taky zaj\u00edt do zubn\u00ed kliniky a nebojte se zeptat na zubn\u00ed fazety Praha, o kter\u00fdch jist\u011b u\u017e dlouho sn\u00edte a p\u0159ejet si je. A pokud m\u00e1te ze zuba\u0159\u016f strach? Nebojte se. Tady je profesion\u00e1ln\u00ed person\u00e1l, kter\u00fd v\u00e1m v\u017edy v\u0161echno vysv\u011btl\u00ed, pokud budete m\u00edt ot\u00e1zky.                                                                                                                                                                                                                                                                                                                                                                                          3.8\/5 - (6 votes)        "},{"@context":"https:\/\/schema.org\/","@type":"BreadcrumbList","itemListElement":[{"@type":"ListItem","position":1,"name":"B\u00edl\u00e9 zuby","item":"https:\/\/www.balchem.cz\/bile-zuby\/#breadcrumbitem"}]}]