[{"@context":"https:\/\/schema.org\/","@type":"Article","@id":"https:\/\/www.balchem.cz\/dobry-dojem-musi-na-svatbe-udelat-i-matka-nevesty-a-zenicha\/#Article","mainEntityOfPage":"https:\/\/www.balchem.cz\/dobry-dojem-musi-na-svatbe-udelat-i-matka-nevesty-a-zenicha\/","headline":"Dobr\u00fd dojem mus\u00ed na svatb\u011b ud\u011blat i matka nev\u011bsty a \u017eenicha","name":"Dobr\u00fd dojem mus\u00ed na svatb\u011b ud\u011blat i matka nev\u011bsty a \u017eenicha","description":"Kter\u00e1 \u017eena by necht\u011bla b\u00fdt na sv\u00e9 svatb\u011b tou nejkr\u00e1sn\u011bj\u0161\u00ed? Takov\u00e1 nev\u011bsta snad ani neexistuje. Ov\u0161em pravda je ta, \u017ee pokud jde o svatbu, tak ka\u017ed\u00e1 \u017eena, kter\u00e1 se j\u00ed \u00fa\u010dastn\u00ed, chce vypadat dob\u0159e a nechce zapadnout. Je sice jist\u00e9, \u017ee prim bude a mus\u00ed hr\u00e1t v\u017edy r\u00f3ba nev\u011bsty, nicm\u00e9n\u011b tak\u00e9 jin\u00e9 \u017eeny maj\u00ed ambice [&hellip;]","datePublished":"2018-05-20","dateModified":"2023-05-10","author":{"@type":"Person","@id":"https:\/\/www.balchem.cz\/author\/#Person","name":"","url":"https:\/\/www.balchem.cz\/author\/","identifier":1,"image":{"@type":"ImageObject","@id":"https:\/\/secure.gravatar.com\/avatar\/8ee00db67df6a380981db2e33f97d2fa79637c4880a83f2a0ac4c29b5bb179e1?s=96&d=mm&r=g","url":"https:\/\/secure.gravatar.com\/avatar\/8ee00db67df6a380981db2e33f97d2fa79637c4880a83f2a0ac4c29b5bb179e1?s=96&d=mm&r=g","height":96,"width":96}},"publisher":{"@type":"Organization","name":"balchem.cz","logo":{"@type":"ImageObject","@id":"\/logo.png","url":"\/logo.png","width":600,"height":60}},"image":{"@type":"ImageObject","@id":"https:\/\/www.balchem.cz\/wp-content\/uploads\/img_a317407_w2432_t1528140729.jpg","url":"https:\/\/www.balchem.cz\/wp-content\/uploads\/img_a317407_w2432_t1528140729.jpg","height":0,"width":0},"url":"https:\/\/www.balchem.cz\/dobry-dojem-musi-na-svatbe-udelat-i-matka-nevesty-a-zenicha\/","about":["Produkty"],"wordCount":429,"articleBody":"Kter\u00e1 \u017eena by necht\u011bla b\u00fdt na sv\u00e9 svatb\u011b tou nejkr\u00e1sn\u011bj\u0161\u00ed? Takov\u00e1 nev\u011bsta snad ani neexistuje. Ov\u0161em pravda je ta, \u017ee pokud jde o svatbu, tak ka\u017ed\u00e1 \u017eena, kter\u00e1 se j\u00ed \u00fa\u010dastn\u00ed, chce vypadat dob\u0159e a nechce zapadnout. Je sice jist\u00e9, \u017ee prim bude a mus\u00ed hr\u00e1t v\u017edy r\u00f3ba nev\u011bsty, nicm\u00e9n\u011b tak\u00e9 jin\u00e9 \u017eeny maj\u00ed ambice d\u011blat \u010dest sv\u00e9mu jm\u00e9nu a roli, kterou na svatb\u011b zast\u00e1vaj\u00ed. A\u0165 u\u017e jde o dru\u017ei\u010dky anebo t\u0159eba o matky nev\u011bsty a \u017eenicha.&#13; Je p\u0159eci jasn\u00e9, \u017ee \u017eeny, jejich\u017e d\u011bti slav\u00ed sv\u016fj velk\u00fd den, mus\u00ed v takov\u00e9 slavnostn\u00ed chv\u00edli vypadat b\u00e1je\u010dn\u011b. Minim\u00e1ln\u011b kv\u016fli d\u016fle\u017eitosti a v\u00fdjime\u010dnosti tohoto ob\u0159adu, ale tak\u00e9 kv\u016fli tomu, \u017ee i ony v dan\u00fd den sklid\u00ed nem\u00e1lo pozornosti ze strany ostatn\u00edch svatebn\u00edch host\u016f. Je tedy jist\u00e9, \u017ee i matky nev\u011bsty a \u017eenicha budou \u0159e\u0161it probl\u00e9m, kde sehnat ty nejkr\u00e1sn\u011bj\u0161\u00ed \u0161aty, kter\u00e9 by odpov\u00eddaly d\u016fle\u017eitosti situace. A sehnat kr\u00e1sn\u00e9 \u0161aty na m\u00edru spole\u010densk\u00e9 ud\u00e1losti je pro star\u0161\u00ed \u017eeny v\u017edy slo\u017eit\u011bj\u0161\u00ed, ne\u017e pro \u017eeny mlad\u00e9, kter\u00e9 nemaj\u00ed probl\u00e9m se sv\u00fdmi m\u00edrami. S p\u0159ib\u00fdvaj\u00edc\u00edmi l\u00e9ty \u010dlov\u011bk snadno z\u00edsk\u00e1 n\u011bjak\u00e9 to kilo nav\u00edc anebo se je\u0161t\u011b v\u00edce zd\u016frazn\u00ed genetick\u00e9 disproporce jeho postavy. Sehnat si kr\u00e1sn\u00e9 spole\u010densk\u00e9 \u0161aty tak m\u016f\u017ee b\u00fdt pro mnoho plno\u0161t\u00edhl\u00fdch \u017een po\u0159\u00e1dn\u00fd o\u0159\u00ed\u0161ek. Je toti\u017e jasn\u00e9, \u017ee \u0161aty na svatbu jejich d\u011bt\u00ed by jim m\u011bly dokonale padnout a m\u011bly by lichotit jejich proporc\u00edm. \u010cek\u00e1 je tedy nelehk\u00fd \u00fakol v podob\u011b hled\u00e1n\u00ed v mnoha butic\u00edch a obchodech se spole\u010densk\u00fdmi od\u011bvy, ov\u0161em v\u00fdsledek je i tak nejist\u00fd.&#13; Mnohdy je proto snaz\u0161\u00ed zap\u00e1trat po \u0161atech pro svatebn\u00ed matku na internetu, kde je i p\u0159esto, \u017ee si \u0161aty nem\u016f\u017eete p\u0159\u00edmo na m\u00edst\u011b vyzkou\u0161et, v\u011bt\u0161\u00ed v\u00fdb\u011br a m\u016f\u017eete zde nal\u00e9zt opravdu elegantn\u00ed \u0161aty z kvalitn\u00edch l\u00e1tek, kter\u00e9 se va\u0161\u00ed postav\u011b v\u00fdborn\u011b p\u0159izp\u016fsob\u00ed. Anebo m\u016f\u017eete vsadit na spolehlivou krej\u010dovou. Je ov\u0161em nutn\u00e9 po\u010d\u00edtat s t\u00edm, \u017ee u\u0161it\u00ed takov\u00e9ho od\u011bvu na m\u00edru nebude ani levn\u00e9, ani rychl\u00e9 a bude vy\u017eadovat n\u011bkolik zkou\u0161ek.                                                                                                                                                                                                                                                                                                                                                                                        4.4\/5 - (5 votes)        "},{"@context":"https:\/\/schema.org\/","@type":"BreadcrumbList","itemListElement":[{"@type":"ListItem","position":1,"name":"Dobr\u00fd dojem mus\u00ed na svatb\u011b ud\u011blat i matka nev\u011bsty a \u017eenicha","item":"https:\/\/www.balchem.cz\/dobry-dojem-musi-na-svatbe-udelat-i-matka-nevesty-a-zenicha\/#breadcrumbitem"}]}]