[{"@context":"https:\/\/schema.org\/","@type":"Article","@id":"https:\/\/www.balchem.cz\/kam-letos-vyrazit-na-vanocni-trhy\/#Article","mainEntityOfPage":"https:\/\/www.balchem.cz\/kam-letos-vyrazit-na-vanocni-trhy\/","headline":"Kam letos vyrazit na v\u00e1no\u010dn\u00ed trhy?","name":"Kam letos vyrazit na v\u00e1no\u010dn\u00ed trhy?","description":"Tak\u00e9 pat\u0159\u00edte k&nbsp;milovn\u00edk\u016fm rozsv\u00edcen\u00fdch stromk\u016f, koled, v\u016fn\u011b cukrov\u00ed a sva\u0159en\u00e9ho v\u00edna? Vychutnejte si letos v\u00e1no\u010dn\u00ed atmosf\u00e9ru trochu jinak a vyra\u017ete na v\u00e1no\u010dn\u00ed trhy do n\u011bkter\u00e9ho z&nbsp;evropsk\u00fdch m\u011bst. Zde je p\u00e1r tip\u016f, kam se stoj\u00ed za to jet pod\u00edvat. Budape\u0161\u0165 V&nbsp;hlavn\u00edm m\u011bst\u011b Ma\u010farska se v\u00e1no\u010dn\u00ed trhy letos konaj\u00ed v&nbsp;term\u00ednu 23. listopadu 2019 &#8211; 1. ledna 2020. [&hellip;]","datePublished":"2019-10-05","dateModified":"2023-05-10","author":{"@type":"Person","@id":"https:\/\/www.balchem.cz\/author\/#Person","name":"","url":"https:\/\/www.balchem.cz\/author\/","identifier":1,"image":{"@type":"ImageObject","@id":"https:\/\/secure.gravatar.com\/avatar\/8ee00db67df6a380981db2e33f97d2fa79637c4880a83f2a0ac4c29b5bb179e1?s=96&d=mm&r=g","url":"https:\/\/secure.gravatar.com\/avatar\/8ee00db67df6a380981db2e33f97d2fa79637c4880a83f2a0ac4c29b5bb179e1?s=96&d=mm&r=g","height":96,"width":96}},"publisher":{"@type":"Organization","name":"balchem.cz","logo":{"@type":"ImageObject","@id":"\/logo.png","url":"\/logo.png","width":600,"height":60}},"image":{"@type":"ImageObject","@id":"https:\/\/www.balchem.cz\/wp-content\/uploads\/img_a358258_w3106_t1572507968.jpg","url":"https:\/\/www.balchem.cz\/wp-content\/uploads\/img_a358258_w3106_t1572507968.jpg","height":0,"width":0},"url":"https:\/\/www.balchem.cz\/kam-letos-vyrazit-na-vanocni-trhy\/","about":["Dovolen\u00e1"],"wordCount":462,"articleBody":"Tak\u00e9 pat\u0159\u00edte k&nbsp;milovn\u00edk\u016fm rozsv\u00edcen\u00fdch stromk\u016f, koled, v\u016fn\u011b cukrov\u00ed a sva\u0159en\u00e9ho v\u00edna? Vychutnejte si letos v\u00e1no\u010dn\u00ed atmosf\u00e9ru trochu jinak a vyra\u017ete na v\u00e1no\u010dn\u00ed trhy do n\u011bkter\u00e9ho z&nbsp;evropsk\u00fdch m\u011bst. Zde je p\u00e1r tip\u016f, kam se stoj\u00ed za to jet pod\u00edvat.Budape\u0161\u0165V&nbsp;hlavn\u00edm m\u011bst\u011b Ma\u010farska se v\u00e1no\u010dn\u00ed trhy letos konaj\u00ed v&nbsp;term\u00ednu 23. listopadu 2019 &#8211; 1. ledna 2020. Tyto trhy nav\u0161t\u00edv\u00ed ka\u017ed\u00fd rok p\u0159es 600 tis\u00edc lid\u00ed. Ve st\u00e1nk\u00e1ch na n\u00e1m\u011bst\u00ed V\u00f6r\u00f6smarty nebo p\u0159ed Bazilikou svat\u00e9ho \u0160t\u011bp\u00e1na m\u016f\u017eete ve st\u00e1nc\u00edch ochutnat nap\u0159\u00edklad ostr\u00e9 ma\u010farsk\u00e9 klob\u00e1sy, sva\u0159en\u00e9 v\u00edno a spousty dal\u0161\u00edch delikates. N\u00e1v\u0161t\u011bvu trh\u016f m\u016f\u017eete spojit i p\u0159\u00edjemn\u00fdm odpo\u010dinkem. Krom\u011b trh\u016f m\u016f\u017eete toti\u017e v&nbsp;Budape\u0161ti vyu\u017e\u00edt tak\u00e9 relax v&nbsp;term\u00e1ln\u00edch l\u00e1zn\u00edch.V\u00edde\u0148V\u00edde\u0148 m\u00e1 jedny z&nbsp;nejv\u011bt\u0161\u00edch a nejkr\u00e1sn\u011bj\u0161\u00edch trh\u016f v&nbsp;cel\u00e9 Evrop\u011b. Ty nejzn\u00e1m\u011bj\u0161\u00ed se konaj\u00ed se na nam\u011bst\u00ed Rathausplatz (Radni\u010dn\u00ed n\u00e1m\u011bst\u00ed) v&nbsp;term\u00ednu 15. listopadu 2019 &ndash; 26. prosince 2019. T\u011b\u0161it se m\u016f\u017eete na v\u00edce ne\u017e 140 st\u00e1nk\u016f, ve kter\u00fdch najdete klasick\u00e9 v\u00edde\u0148sk\u00e9 cukrov\u00ed, pern\u00ed\u010dky, kandovan\u00e9 ovoce a bohat\u011b zdoben\u00e9 v\u00e1no\u010dn\u00ed ozdoby. Krom\u011b n\u00e1m\u011bst\u00ed Rathausplatz m\u016f\u017eete ve V\u00eddni nav\u0161t\u00edvit tak\u00e9 trhy p\u0159ed z\u00e1mkem Sch\u00f6nbrunn nebo na \u0160t\u011bp\u00e1nsk\u00e9m n\u00e1m\u011bst\u00ed.Dr\u00e1\u017e\u010fanyV&nbsp;Dr\u00e1\u017e\u010fanech trhy za\u010d\u00ednaj\u00ed 27. listopadu 2019 a kon\u010d\u00ed 24. prosince 2019. V\u00e1no\u010dn\u00ed trhy jsou zde um\u00edst\u011bny po cel\u00e9m m\u011bst\u011b, ale jejich centrem je Striezelmarkt , kter\u00fd se kon\u00e1 na n\u00e1m\u011bst\u00ed Altmarkt. Ochutnat tu m\u016f\u017eete nap\u0159\u00edklad kousek z obrovsk\u00e9 v\u00e1no\u010dn\u00ed \u0161toly. Dal\u0161\u00ed mo\u017enost\u00ed v&nbsp;Dr\u00e1\u017e\u010fanech je st\u0159edov\u011bk\u00fd trh na n\u00e1dvo\u0159\u00ed z\u00e1meck\u00e9 st\u00e1je Stalhof. Krom\u011b v\u00e1no\u010dn\u00edch trh\u016f m\u016f\u017eete n\u00e1v\u0161t\u011bvu Dr\u00e1\u017e\u010fan spojit s&nbsp;v\u00fdletem do obl\u00edben\u00e9ho Primarku.PrahaChcete si u\u017e\u00edt atmosf\u00e9ru v\u00e1no\u010dn\u00edch trh\u016f, ale nechce se v\u00e1m kv\u016fli tomu jet do zahrani\u010d\u00ed? Nevad\u00ed, n\u00e1dhern\u00e9 trhy m\u016f\u017eete toti\u017e nav\u0161t\u00edvit i v&nbsp;Praze a to na Starom\u011bstsk\u00e9m i V\u00e1clavsk\u00e9m n\u00e1m\u011bst\u00ed. Za\u010d\u00ednaj\u00ed letos 30. listopadu 2019 a kon\u010d\u00ed 6. ledna 2020. \u010cekaj\u00ed v\u00e1s uk\u00e1zky typicky \u010desk\u00fdch lidov\u00fdch V\u00e1noc, spousty tradi\u010dn\u00edch v\u00fdrobk\u016f od \u0159emesln\u00edk\u016f a klasick\u00e9 \u010desk\u00e9 pochutiny.                                                                                                                                                                                                                                                                                                                                                                                        4.6\/5 - (10 votes)        "},{"@context":"https:\/\/schema.org\/","@type":"BreadcrumbList","itemListElement":[{"@type":"ListItem","position":1,"name":"Kam letos vyrazit na v\u00e1no\u010dn\u00ed trhy?","item":"https:\/\/www.balchem.cz\/kam-letos-vyrazit-na-vanocni-trhy\/#breadcrumbitem"}]}]