[{"@context":"https:\/\/schema.org\/","@type":"Article","@id":"https:\/\/www.balchem.cz\/vestavene-skrine-vam-mohou-zvetsit-v-byte-obytny-prostor\/#Article","mainEntityOfPage":"https:\/\/www.balchem.cz\/vestavene-skrine-vam-mohou-zvetsit-v-byte-obytny-prostor\/","headline":"Vestav\u011bn\u00e9 sk\u0159\u00edn\u011b v\u00e1m mohou zv\u011bt\u0161it v byt\u011b obytn\u00fd prostor","name":"Vestav\u011bn\u00e9 sk\u0159\u00edn\u011b v\u00e1m mohou zv\u011bt\u0161it v byt\u011b obytn\u00fd prostor","description":"Uva\u017eujete o v\u00fdstavb\u011b vestav\u011bn\u00fdch sk\u0159\u00edn\u00ed na m\u00edru v Praze do sv\u00e9ho bytu v panelov\u00e9m nebo jin\u00e9m bytov\u00e9m dom\u011b? Pak byste to mohli n\u00e1sledovn\u011b: Vestavba do p\u0159eds\u00edn\u011b \u2013 budete-li volit vestav\u011bnou sk\u0159\u00ed\u0148 nap\u0159. do lo\u017enice, v\u00fdrazn\u011b se t\u00edm zmen\u0161\u00ed obytn\u00fd p\u016fdorys a m\u016f\u017ee se to n\u00e1sledn\u011b projevit i na va\u0161em obytn\u00e9m komfortu. Zkr\u00e1tka budete bydlet v [&hellip;]","datePublished":"2022-06-30","dateModified":"2023-05-10","author":{"@type":"Person","@id":"https:\/\/www.balchem.cz\/author\/#Person","name":"","url":"https:\/\/www.balchem.cz\/author\/","identifier":1,"image":{"@type":"ImageObject","@id":"https:\/\/secure.gravatar.com\/avatar\/8ee00db67df6a380981db2e33f97d2fa79637c4880a83f2a0ac4c29b5bb179e1?s=96&d=mm&r=g","url":"https:\/\/secure.gravatar.com\/avatar\/8ee00db67df6a380981db2e33f97d2fa79637c4880a83f2a0ac4c29b5bb179e1?s=96&d=mm&r=g","height":96,"width":96}},"publisher":{"@type":"Organization","name":"balchem.cz","logo":{"@type":"ImageObject","@id":"\/logo.png","url":"\/logo.png","width":600,"height":60}},"image":{"@type":"ImageObject","@id":"https:\/\/www.balchem.cz\/wp-content\/uploads\/shirt-1902601_640_1.jpg","url":"https:\/\/www.balchem.cz\/wp-content\/uploads\/shirt-1902601_640_1.jpg","height":0,"width":0},"url":"https:\/\/www.balchem.cz\/vestavene-skrine-vam-mohou-zvetsit-v-byte-obytny-prostor\/","about":["Online"],"wordCount":426,"articleBody":"   Uva\u017eujete o v\u00fdstavb\u011b vestav\u011bn\u00fdch sk\u0159\u00edn\u00ed na m\u00edru v Praze do sv\u00e9ho bytu v panelov\u00e9m nebo jin\u00e9m bytov\u00e9m dom\u011b? Pak byste to mohli n\u00e1sledovn\u011b:Vestavba do p\u0159eds\u00edn\u011b \u2013 budete-li volit vestav\u011bnou sk\u0159\u00ed\u0148 nap\u0159. do lo\u017enice, v\u00fdrazn\u011b se t\u00edm zmen\u0161\u00ed obytn\u00fd p\u016fdorys a m\u016f\u017ee se to n\u00e1sledn\u011b projevit i na va\u0161em obytn\u00e9m komfortu. Zkr\u00e1tka budete bydlet v men\u0161\u00edm byt\u011b, a to jen za cenu vyu\u017eit\u00e9ho \u00falo\u017en\u00e9ho prostoru od podlahy ke stropu. Co takhle um\u00edstit vestavbu do p\u0159eds\u00edn\u011b, kterou prakticky neob\u00fdv\u00e1te, a m\u00e1te tu k dispozici nap\u0159. pouze komodu s botn\u00edkem nebo jednu men\u0161\u00ed \u0161atn\u00ed sk\u0159\u00ed\u0148? Sk\u0159\u00edn\u00ed vypln\u00edte celou st\u011bnu, vyu\u017eijete ve\u0161ker\u00fd prostor, co\u017e je v\u00fd\u0161ka stropu cca 2,5 metru a k tomu d\u00e9lka p\u0159eds\u00edn\u011b, kter\u00e1 tak\u00e9 neb\u00fdv\u00e1 zrovna mal\u00e1. S velkou pravd\u011bpodobnost\u00ed tu budete m\u00edt ulo\u017een\u00e9 ve\u0161ker\u00e9 od\u011bvy, obuv, \u00faklidov\u00e9 prost\u0159edky a sportovn\u00ed pot\u0159eby, tak\u017ee t\u00edm obytn\u00fd prostor v lo\u017enici nabude p\u016fvodn\u00edho rozm\u011bru.Jedinou nev\u00fdhodou tohoto \u0159e\u0161en\u00ed je, \u017ee se budete p\u0159evl\u00e9kat v p\u0159eds\u00edni, ale to je skute\u010dn\u011b nepatrn\u00fd \u00fastupek, pokud bude p\u0159eds\u00ed\u0148 vyt\u00e1p\u011bn\u00e1, jako ostatn\u00ed \u010d\u00e1sti bytu, a bude tu k dispozici odkl\u00e1dac\u00ed stolek \u010di v\u011b\u0161\u00e1k.Jak koncipovat dekor posuvn\u00fdch dve\u0159\u00ed \u2013 posuvn\u00e9 dve\u0159e se vyr\u00e1b\u00ed v opravdu velk\u00e9m mno\u017estv\u00ed dekor\u016f, tak\u017ee v\u00fdb\u011br je pestr\u00fd a ur\u010dit\u011b si budete schopni zvolit optim\u00e1ln\u00ed \u0159e\u0161en\u00ed. Na jedin\u00e9 bychom v\u00e1s v\u0161ak cht\u011bli upozornit, co\u017e se t\u00fdk\u00e1 zejm\u00e9na mal\u00fdch bytov\u00fdch prostor, tedy v tomto p\u0159\u00edpad\u011b p\u0159eds\u00edn\u011b bytov\u00e9ho domu zcela ur\u010dit\u011b: Vyberete-li si tmavou barvu posuvn\u00fdch dve\u0159\u00ed, v m\u00edstnosti to bude pohlcovat sv\u011btlo a\u017e tak, \u017ee si tu budete p\u0159ipadat, jako v temn\u00e9 kobce. Bude to nep\u0159\u00edjemn\u00e9, i co se t\u00fd\u010de pobytu v p\u0159eds\u00edni p\u0159i p\u0159evl\u00e9k\u00e1n\u00ed. Chcete-li dobrou radu, d\u016fv\u011b\u0159ujte rad\u011bji sv\u011btl\u00fdm barv\u00e1m, klidn\u011b vsa\u010fte na osv\u011bd\u010denou b\u00edlou, a t\u0159eba v kombinaci se zrcadly, kter\u00e9 m\u00edstnost je\u0161t\u011b v\u00edce opticky zv\u011bt\u0161\u00ed. A ke sv\u011btl\u00e9 barv\u011b dve\u0159\u00ed m\u016f\u017eete v p\u0159eds\u00edni m\u00edt i sv\u011btl\u00fd koberec nebo sv\u011btlou dla\u017ebu.                                                                                                                                                                                                                                                                                                                                                                                          4.5\/5 - (10 votes)        "},{"@context":"https:\/\/schema.org\/","@type":"BreadcrumbList","itemListElement":[{"@type":"ListItem","position":1,"name":"Vestav\u011bn\u00e9 sk\u0159\u00edn\u011b v\u00e1m mohou zv\u011bt\u0161it v byt\u011b obytn\u00fd prostor","item":"https:\/\/www.balchem.cz\/vestavene-skrine-vam-mohou-zvetsit-v-byte-obytny-prostor\/#breadcrumbitem"}]}]